{"id":33270,"date":"2020-04-17T09:36:01","date_gmt":"2020-04-17T07:36:01","guid":{"rendered":"https:\/\/yogastories.reyoga.eu\/?p=33270"},"modified":"2024-04-17T09:56:50","modified_gmt":"2024-04-17T07:56:50","slug":"yoga-und-musik","status":"publish","type":"post","link":"https:\/\/yogastories.reyoga.eu\/de\/inspiration-und-partnerschaften\/yoga-und-musik\/","title":{"rendered":"Yoga und Musik &#8211; Yoga f\u00fcr Studenten des Konservatoriums Cagliari"},"content":{"rendered":"<div class=\"wpb-content-wrapper\"><p>[vc_row][vc_column css=&#8220;.vc_custom_1680086662949{padding-top: 20px !important;padding-right: 20px !important;padding-bottom: 20px !important;padding-left: 20px !important;}&#8220;][vc_column_text]<i>Jeden Tag treffen wir neue Yogalehrer, die ihre Ansichten \u00fcber Yoga mit uns teilen.<\/i> <i>In diesem Artikel erz\u00e4hlen von der Beziehung zwischen Yoga und Musik, indem wir die Erfahrung von Antonio Luciani, einem Professor am Konservatorium von Cagliari, der Yoga in einem speziellen Kurs f\u00fcr Studenten und Mitarbeiter der Schule anbietet, teilen.<\/i> Wir w\u00fcnschen viel Spa\u00df beim Lesen des Interviews.[\/vc_column_text][vc_empty_space][vc_column_text css=&#8220;.vc_custom_1713339801577{padding-top: 20px !important;padding-right: 20px !important;padding-bottom: 20px !important;padding-left: 20px !important;background-color: #eae5e5 !important;}&#8220;]<i><strong>Antonio, erz\u00e4hle uns ein bisschen \u00fcber dich und deine Erfahrungen mit Yoga?<\/strong><\/i><\/p>\n<p>Ich finde es au\u00dferordentlich schwierig, mich selbst zu definieren. Die Einfachheit der bekannten existenziellen Frage, die der Yogawelt so am Herzen liegt, erzeugt immer ein Aufatmen angesichts ihrer Gr\u00f6\u00dfe, also verzichte ich darauf, kann aber meinen Dienst qualifizieren.<\/p>\n<p>Mein Name ist Antonio Luciani und ich war ein f\u00fcnfj\u00e4hriges Kind, als ich anfing, Musik zu machen, und ich war gerade in die Pubert\u00e4t eingetreten, als Yoga meine Aufmerksamkeit und Leidenschaft erregte. In beiden F\u00e4llen hatte ich im Laufe der Jahre das gro\u00dfe Gl\u00fcck, bei den besten Lehrern lernen zu d\u00fcrfen.[\/vc_column_text][vc_empty_space height=&#8220;30px&#8220;][vc_column_text css=&#8220;.vc_custom_1713340114484{padding-top: 20px !important;padding-right: 20px !important;padding-bottom: 20px !important;padding-left: 20px !important;}&#8220;]<i><strong>Kannst du uns etwas \u00fcber dein Projekt mit den Studenten des Musikkonservatoriums von Cagliari erz\u00e4hlen?<\/strong><\/i><\/p>\n<p>Ich bin nicht der Veranstalter der Projekte, die ich an der Musikhochschule von Cagliari durchf\u00fchre, wo ich als Professor f\u00fcr &#8222;Klavierpraxis und -lesen&#8220; arbeite. Es ist der Verdienst der derzeitigen Direktorin Aurora Cogliandro, dass ich nach jahrelangem Widerstand der Bitte nachgegeben habe, den Kurs &#8222;K\u00f6rperbewusstsein und Ausdruckstechniken&#8220; f\u00fcr Studenten und Yoga f\u00fcr Mitarbeiter zu unterrichten, der f\u00fcr Kollegen und andere Angestellte gedacht ist, die von den entsprechenden \u00dcbungen profitieren m\u00f6chten.<\/p>\n<p>F\u00fcr die Studenten ist dies ein Fach von nur 15 Stunden, das aber f\u00fcr die Entwicklung eines sch\u00e4rferen allgemeinen K\u00f6rperbewusstseins unerl\u00e4sslich ist.\u00a0 Es geht darum die Kenntnisse und das Bewusstsein des eigenen K\u00f6rpers zu verbessern und den K\u00f6rper zu pflegen, der, aufgrund des zeitintensiven Studiums, sehr lange statische Momente gew\u00f6hnt ist.<\/p>\n<p>F\u00fcr das Personal ist es ein Geschenk der Verwaltung an diejenigen, die Yoga-Techniken f\u00fcr ihr Wohlbefinden nutzen wollen.[\/vc_column_text][vc_empty_space height=&#8220;40px&#8220;][vc_single_image image=&#8220;28281&#8243; img_size=&#8220;full&#8220; alignment=&#8220;center&#8220;][vc_empty_space height=&#8220;40px&#8220;][vc_column_text css=&#8220;.vc_custom_1713340198671{padding-top: 20px !important;padding-right: 20px !important;padding-bottom: 20px !important;padding-left: 20px !important;}&#8220;]<i><strong>Wie haben die Studenten auf Ihr Projekt reagiert?<\/strong><\/i><\/p>\n<p>Die Studenten haben sich in Scharen angemeldet, und in kurzer Zeit haben die Kurse die maximale Teilnehmerzahl, die ich f\u00fcr eine angemessene Beteiligung festgelegt hatte, ausgesch\u00f6pft. F\u00fcr zuk\u00fcnftige Kurse gibt es bereits Wartelisten.<\/p>\n<p>Die Studenten des Konservatoriums sind gr\u00f6\u00dftenteils au\u00dfergew\u00f6hnliche junge Menschen und ideale Praktiker, da sie bereits \u00fcber eine sehr verfeinerte Sensibilit\u00e4t, eine etablierte Disziplin und auch, wenn auch nicht immer, \u00fcber eine gro\u00dfe Konzentrationsf\u00e4higkeit und das Bewusstsein verf\u00fcgen, wie wichtig es ist, die Bewegungen unseres Wesens im Detail zu kennen, um sie sowohl im K\u00f6rper als auch im emotionalen und mentalen Management ideal einzusetzen. Daher sind sie leidenschaftlich und dankbar f\u00fcr diese Gelegenheit.[\/vc_column_text][vc_empty_space height=&#8220;30px&#8220;][vc_column_text css=&#8220;.vc_custom_1713340291259{padding-top: 20px !important;padding-right: 20px !important;padding-bottom: 20px !important;padding-left: 20px !important;background-color: #eae5e5 !important;}&#8220;]<i><strong>Neben der Ausbildung haben Sie auch Yogamaterialien empfohlen.<\/strong><\/i> <i><strong>Wie wichtig ist es, die richtigen Werkzeuge zu haben, und was kann den gr\u00f6\u00dften Unterschied ausmachen?<\/strong><\/i><\/p>\n<p>Vor allem bei den ersten Schritten, bei denen der physische K\u00f6rper als Werkzeug zum Verstehen und Handeln eingesetzt wird, k\u00f6nnen Hilfsmittel f\u00fcr die Genauigkeit der Wahrnehmung und des Handelns entscheidend sein.<\/p>\n<p>Die bessere Qualit\u00e4t der Yogamatte, der Yogabl\u00f6cke (wir sind hier im Land des Korks, was daher eine zus\u00e4tzliche psychologische Bedeutung hat) und des Gurtes kann sehr zur Geschwindigkeit und Genauigkeit des Lernens beitragen.[\/vc_column_text][vc_empty_space height=&#8220;30px&#8220;][vc_column_text css=&#8220;.vc_custom_1713340348200{padding-top: 20px !important;padding-right: 20px !important;padding-bottom: 20px !important;padding-left: 20px !important;}&#8220;]<i><strong>Wie m\u00f6chtest du dein Projekt weiterentwickeln?<\/strong><\/i> <i><strong>Was sind Ziele f\u00fcr die Zukunft?<\/strong><\/i><\/p>\n<p>Als Ergebnis der begeisterten Teilnahme w\u00e4re es mein gr\u00f6\u00dfter Traum, dass diese Lehren unter jungen Menschen \u00fcber die akademische Welt hinaus verbreitet werden und dass das Beispiel des Yogakurses, der den Mitarbeitern unserer Einrichtung angeboten wird, in anderen Konservatorien und Schulen verschiedener Stufen als Modell dient.[\/vc_column_text][vc_empty_space height=&#8220;30px&#8220;][\/vc_column][\/vc_row]<\/p>\n<\/div>","protected":false},"excerpt":{"rendered":"<p>Am Konservatorium von Cagliari auf Sardinien wird Yoga f\u00fcr Studenten und Mitarbeiter angeboten. Ein gro\u00dfartiger Erfolg der die mentale und physische st\u00e4rke der Studenten verbessert.<\/p>\n","protected":false},"author":2,"featured_media":33268,"comment_status":"open","ping_status":"open","sticky":false,"template":"","format":"standard","meta":{"footnotes":""},"categories":[9],"tags":[76],"class_list":["post-33270","post","type-post","status-publish","format-standard","has-post-thumbnail","category-inspiration-und-partnerschaften","tag-yoga-und-musik"],"menu_order":0,"_links":{"self":[{"href":"https:\/\/yogastories.reyoga.eu\/de\/wp-json\/wp\/v2\/posts\/33270","targetHints":{"allow":["GET"]}}],"collection":[{"href":"https:\/\/yogastories.reyoga.eu\/de\/wp-json\/wp\/v2\/posts"}],"about":[{"href":"https:\/\/yogastories.reyoga.eu\/de\/wp-json\/wp\/v2\/types\/post"}],"author":[{"embeddable":true,"href":"https:\/\/yogastories.reyoga.eu\/de\/wp-json\/wp\/v2\/users\/2"}],"replies":[{"embeddable":true,"href":"https:\/\/yogastories.reyoga.eu\/de\/wp-json\/wp\/v2\/comments?post=33270"}],"version-history":[{"count":1,"href":"https:\/\/yogastories.reyoga.eu\/de\/wp-json\/wp\/v2\/posts\/33270\/revisions"}],"predecessor-version":[{"id":33271,"href":"https:\/\/yogastories.reyoga.eu\/de\/wp-json\/wp\/v2\/posts\/33270\/revisions\/33271"}],"wp:featuredmedia":[{"embeddable":true,"href":"https:\/\/yogastories.reyoga.eu\/de\/wp-json\/wp\/v2\/media\/33268"}],"wp:attachment":[{"href":"https:\/\/yogastories.reyoga.eu\/de\/wp-json\/wp\/v2\/media?parent=33270"}],"wp:term":[{"taxonomy":"category","embeddable":true,"href":"https:\/\/yogastories.reyoga.eu\/de\/wp-json\/wp\/v2\/categories?post=33270"},{"taxonomy":"post_tag","embeddable":true,"href":"https:\/\/yogastories.reyoga.eu\/de\/wp-json\/wp\/v2\/tags?post=33270"}],"curies":[{"name":"wp","href":"https:\/\/api.w.org\/{rel}","templated":true}]}}