{"id":33126,"date":"2024-04-10T11:51:34","date_gmt":"2024-04-10T09:51:34","guid":{"rendered":"https:\/\/yogastories.reyoga.eu\/?p=33126"},"modified":"2024-04-11T10:05:57","modified_gmt":"2024-04-11T08:05:57","slug":"yoga-bei-mukoviszidose","status":"publish","type":"post","link":"https:\/\/yogastories.reyoga.eu\/de\/soziales-engagement\/yoga-bei-mukoviszidose\/","title":{"rendered":"Yoga bei Mukoviszidose: das Angebot der Salesi Krankenhaus Stiftung Ancona"},"content":{"rendered":"<div class=\"wpb-content-wrapper\"><p>[vc_row][vc_column css=&#8220;.vc_custom_1680252274829{padding-top: 20px !important;padding-right: 20px !important;padding-bottom: 20px !important;padding-left: 20px !important;}&#8220;][vc_column_text]<strong>Yoga kann die Lebensqualit\u00e4t auch von Patienten mit schweren genetischen Krankheiten wie Mukoviszidose verbessern.<\/strong> Aus diesem Grund haben f\u00fchrende \u00c4rzte und Physiotherapeuten der Stiftung des Salesi Krankenhauses in Ancona (IT) beschlossen, einen <strong>Yoga-Kurs f\u00fcr Kinder mit dieser Krankheit<\/strong> anzubieten. Um diese Initiative zu unterst\u00fctzen, haben wir Yoga-Kits gespendet.<\/p>\n<p>In der Hoffnung, solche Projekte zu verbreiten, haben wir die Kontaktpersonen der Stiftung und Laura Liuni, die Yogalehrerin, die die Kurse leitet, gebeten, uns von ihren Erfahrungen zu berichten.<\/p>\n<p>Wir w\u00fcnschen dir viel Spa\u00df beim Lesen dieses wichtigen Projekts.[\/vc_column_text][vc_empty_space][vc_empty_space][vc_column_text]<span style=\"font-size: 10pt;\"><i><span style=\"font-weight: 400;\">F\u00fcr die Salesi Krankenhausstiftung (FOS) haben uns geantwortet:<br \/>\n<\/span><\/i><i><span style=\"font-weight: 400;\">Dr. Antonello Maraldo, Prof. Laura Mazzanti, Dr. Benedetta Fabrizzi<\/span><\/i><\/span>[\/vc_column_text][vc_empty_space][vc_row_inner equal_height=&#8220;yes&#8220; content_placement=&#8220;middle&#8220;][vc_column_inner width=&#8220;1\/6&#8243;][\/vc_column_inner][vc_column_inner width=&#8220;2\/3&#8243;][vc_single_image image=&#8220;28317&#8243; img_size=&#8220;full&#8220; alignment=&#8220;center&#8220;][\/vc_column_inner][vc_column_inner width=&#8220;1\/6&#8243;][\/vc_column_inner][\/vc_row_inner][vc_empty_space][vc_empty_space][vc_column_text]<\/p>\n<h3><i>K\u00f6nnen wir sagen, dass der Treffpunkt zwischen Mukoviszidose und Yoga in der Bedeutung der richtigen Atmung liegt?<\/i><\/h3>\n<h3><i><span style=\"font-weight: 400;\">\u00a0<\/span><\/i><\/h3>\n<p>[\/vc_column_text][vc_column_text css=&#8220;.vc_custom_1712819371201{padding-top: 20px !important;padding-bottom: 20px !important;}&#8220;]<u><strong>FOS<\/strong><\/u> Mukoviszidose und Yoga finden sicherlich einen wichtigen Ber\u00fchrungspunkt bei der Atmung. Mukoviszidose ist eine t\u00f6dliche genetische Erbkrankheit, die auf einen Defekt des CFTR-Proteins zur\u00fcckzuf\u00fchren ist, der eine erh\u00f6hte Schleimdichte vor allem in der Lunge und im Verdauungstrakt verursacht. Diese erh\u00f6hte Dichte f\u00fchrt zu einem fr\u00fchen Erwerb von chronischen Lungeninfektionen, die wiederum f\u00fcr eine fortschreitende Lungensch\u00e4digung verantwortlich sind, die zum Tod der Patienten f\u00fchrt, der leider immer in einem fr\u00fcheren Alter eintritt als bei den zur gleichen Zeit Geborenen. Aus den obigen Ausf\u00fchrungen wird deutlich, dass die Atmung ein zentraler Aspekt im Leben dieser Kinder ist und wie sie st\u00e4ndig durch Schleim und Husten gest\u00f6rt wird. Mukoviszidose-Patienten m\u00fcssen sich konsequent zwei- bis dreimal t\u00e4glich einer Atemphysiotherapie und t\u00e4glicher aerober k\u00f6rperlicher Bet\u00e4tigung unterziehen, die aufgrund der Pankreasinsuffizienz mit einer hyperkalorischen Di\u00e4t verbunden werden muss.[\/vc_column_text][vc_separator][vc_column_text css=&#8220;.vc_custom_1712819670553{padding-top: 20px !important;padding-bottom: 20px !important;}&#8220;]<u><strong>Laura<\/strong><\/u> Ein Ber\u00fchrungspunkt von Mukoviszidose und Yoga ist auf jeden Fall die Atmung, aber nicht nur. Yoga ist eine weitreichende Disziplin, die Mukoviszidose-Patienten mehrere Vorteile bietet und ihre Lebensqualit\u00e4t insgesamt verbessern kann, indem sie ihre Energie steigert, alle Funktionen, insbesondere die der Atemwege und des Verdauungstrakts verbessert und Stress abbaut (diese Patienten sind so vielen Behandlungen, wiederholter t\u00e4glicher Physiotherapie usw. ausgesetzt), und somit die Lebensqualit\u00e4t verbessert. Die Synchronisierung von Atem und Bewegung (Vinyasa) w\u00e4hrend der gesamten Aktivit\u00e4t hilft dem Zwerchfell (ein sehr wichtiger Muskel), sich zu entspannen und weich und stark zu bleiben. Einige \u00dcbungen, die mit der Atmung kombiniert werden, entwickeln die Kapazit\u00e4t der Atemwege und des Brustkorbs. Yoga kombiniert die Freude an der Bewegung mit synchronisierter Atmung. Jeder Teilnehmer entwickelt oder entdeckt sein energetisches Potenzial und erreicht nicht nur k\u00f6rperliches sondern auch geistiges Wohlbefinden, zum Beispiel durch die Entspannung am Ende der Einheiten.[\/vc_column_text][vc_empty_space][vc_empty_space][vc_column_text]<\/p>\n<h3><i><span style=\"font-weight: 400;\">Wie kam es zu der Idee, einen Yogakurs f\u00fcr Kinder mit Mukoviszidose ins Leben zu rufen, und wie wurde sie verwirklicht?<\/span><\/i><\/h3>\n<p>[\/vc_column_text][vc_row_inner equal_height=&#8220;yes&#8220; content_placement=&#8220;middle&#8220;][vc_column_inner width=&#8220;2\/3&#8243;][vc_column_text css=&#8220;.vc_custom_1712819934427{padding-top: 20px !important;padding-bottom: 20px !important;}&#8220;]<u><strong>FOS<\/strong><\/u> Im t\u00e4glichen Leben werden Kinder von klein auf in physiotherapeutischer Atemarbeit, Abhusten und St\u00e4rkung der Brustkorbmuskulatur geschult, und all dies wird zu Hause mit elterlicher Unterst\u00fctzung durchgef\u00fchrt. Yoga ist eine Praxis, die der Selbst-, K\u00f6rper- und Atemwahrnehmung, der Konzentration und dem geistigen und k\u00f6rperlichen Wohlbefinden gro\u00dfe Aufmerksamkeit schenkt und daher vielen Studien \u00fcber Mukoviszidose zufolge ein hervorragendes Instrument zur Verbesserung der Atmung darstellt.<\/p>\n<p>Es eignet sich auch sehr gut f\u00fcr die Behandlung von Symptomen wie Schmerzen, Schlafst\u00f6rungen, Angstzust\u00e4nden und Depressionen, die bei Mukoviszidose-Patienten, selbst bei jungen Patienten, sehr h\u00e4ufig auftreten.<\/p>\n<p>Deshalb hat die Stiftung des Salesi-Krankenhauses unter dem Vorsitz von Dr. Antonello Maraldo und unter der Leitung von Prof. Laura Mazzanti beschlossen, dieses Projekt in enger Zusammenarbeit mit Dr. Benedetta Fabrizzi, der Leiterin des regionalen Referenzzentrums f\u00fcr Mukoviszidose der AOU delle Marche (Regionaler Krankenhausverband), zu f\u00f6rdern. Das gemeinsame Ziel ist es, die Lebensqualit\u00e4t von Kindern mit dieser schweren genetischen Krankheit zu verbessern und sie auch au\u00dferhalb des Krankenhauses zu begleiten, indem medizinische Therapien und Physiotherapie mit ganzheitlichen Unterst\u00fctzungstherapien wie Yoga kombiniert werden. Die Stiftung hat schon immer ein besonderes Augenmerk auf die Vorbeugung und die Betreuung von p\u00e4diatrischen Patienten gelegt und hat daher dank der Unterst\u00fctzung der Bank von Italien, des Beitrags der Italienischen Mukoviszidose-Liga der Marken, die Mukoviszidose-Patienten und ihre Familien zusammenbringt, und des Beitrags des Salesi F\u00f6rderer-Vereins Ancona (Pr\u00e4sidentin Milena Fiore) beschlossen, dieses Projekt zu verwirklichen.[\/vc_column_text][\/vc_column_inner][vc_column_inner width=&#8220;1\/3&#8243;][vc_empty_space height=&#8220;15&#8243;][vc_single_image image=&#8220;28320&#8243; img_size=&#8220;full&#8220; alignment=&#8220;center&#8220;][vc_empty_space height=&#8220;15&#8243;][\/vc_column_inner][\/vc_row_inner][vc_separator][vc_column_text css=&#8220;.vc_custom_1712821835539{padding-top: 20px !important;padding-bottom: 20px !important;}&#8220;]<span style=\"text-decoration: underline;\"><strong>Laura<\/strong><\/span><span style=\"font-weight: 400;\"> Ich wurde von der Salesi Stiftung und der Mukoviszidose-Stiftung zu einem Gespr\u00e4ch eingeladen, bei dem sie mir vorschlugen, Kinder und Jugendliche in Yoga zu unterrichten. Wir entwickelten das Projekt gemeinsam, jeder mit seinen spezifischen F\u00e4higkeiten, um den Bed\u00fcrfnissen der Kinder und Jugendlichen am besten gerecht zu werden und so die in den verschiedenen Phasen der Umsetzung gesetzten Ziele zu erreichen.<\/span>[\/vc_column_text][vc_empty_space][vc_empty_space][vc_column_text]<\/p>\n<h3><span style=\"font-weight: 400;\">An wen richtet sich der Kurs und wie findet er statt?<\/span><\/h3>\n<p>[\/vc_column_text][vc_row_inner equal_height=&#8220;yes&#8220; content_placement=&#8220;middle&#8220;][vc_column_inner width=&#8220;2\/3&#8243;][vc_column_text css=&#8220;.vc_custom_1712822008575{padding-top: 20px !important;padding-bottom: 20px !important;}&#8220;]<span style=\"text-decoration: underline;\"><strong>FOS<\/strong><\/span> Zun\u00e4chst wurden zwei Gruppen von Kindern gebildet: Die erste Gruppe bestand aus Patienten im Alter von 5 bis 10 Jahren in Begleitung eines Elternteils; die zweite Gruppe bestand aus heranwachsenden Jungen und M\u00e4dchen im Alter von 11 bis 15 Jahren ohne Beteiligung der Eltern.<\/p>\n<p>Jeder Patient wurde in der Yogapraxis geschult, indem er zun\u00e4chst eine pers\u00f6nliche Einzelstunde mit dem Yogalehrer des Projekts, einem zertifizierten Experten auf diesem Gebiet, und einem Physiotherapeuten des Mukoviszidosezentrums der Region Marken erhielt. Nach der ersten individuellen Yogastunde werden die Kinder in zwei Gruppen aufgeteilt und treffen sich sechs Monate lang regelm\u00e4\u00dfig f\u00fcr einen einst\u00fcndigen Kurs \u00fcber eine digitale Plattform.<\/p>\n<p>Das Angebot von Online-Stunden ist sehr wichtig, da Mukoviszidose-Patienten den Kontakt mit anderen Patienten vermeiden sollten, da ein erh\u00f6htes Risiko besteht, sich bei einem anderen teilnehmenden Kind mit einem Atemwegskeim anzustecken; eine Ansteckung mit einem neuen Atemwegskeim kann n\u00e4mlich zu einer raschen Verschlechterung des Lungenbildes und der Krankheit selbst f\u00fchren. Gleichzeitig k\u00f6nnen die Kinder, die \u00fcber die gesamte Region verteilt sind, an den Online-Kursen teilnehmen, so dass sie die Yoga-Erfahrung teilen und ihre Freizeit optimieren k\u00f6nnen, da sie nicht so oft ins Krankenhaus fahren m\u00fcssen.[\/vc_column_text][\/vc_column_inner][vc_column_inner width=&#8220;1\/3&#8243;][vc_empty_space height=&#8220;15&#8243;][vc_single_image image=&#8220;28398&#8243; img_size=&#8220;full&#8220; alignment=&#8220;center&#8220;][vc_empty_space height=&#8220;15&#8243;][\/vc_column_inner][\/vc_row_inner][vc_separator][vc_column_text css=&#8220;.vc_custom_1712822153296{padding-top: 20px !important;padding-bottom: 20px !important;}&#8220;]<span style=\"text-decoration: underline;\"><strong>Laura<\/strong><\/span><span style=\"font-weight: 400;\"> Das Projekt richtete sich an Kinder und Jugendliche mit Mukoviszidose aus der ganzen Region. Die erste Klasse &#8211; eineinhalb Stunden pers\u00f6nlich &#8211; fand im Yogastudio des Ass. Ashtanga Yoga Ancona statt, wo jedes Kind von seinen Eltern begleitet wurde (nachdem es im Mukoviszidose-Zentrum des Regionalkrankenhauses Torrette untersucht wurde, um die Parameter zu sammeln, die am Ende des Projekts verglichen werden sollten). Jedem Kind oder Jugendlichen wurde ein Kit (von einem Vertreter der Salesi Foundation) mit allen Materialien ausgeh\u00e4ndigt, um die Online-Yogakurse fortzusetzen.<br \/>\nEs war notwendig, den telematischen Modus (mit all seinen Einschr\u00e4nkungen) zu w\u00e4hlen, um den Austausch von resistenten Bakterien in Anwesenheit von Patienten mit der gleichen Krankheit zu vermeiden.<\/span><\/p>\n<p><span style=\"font-weight: 400;\"><br \/>\nDie Pr\u00e4sentation des Projekts in der Gegenwart (erste Einzelstunde) im Studio des Lehrers war auch wichtig, damit die j\u00fcngeren Kinder ihren Platz in der Online-Yogastunde erkennen. Nach der Pr\u00e4sentation und dem Kennenlernen wurde jedem Kind gezeigt, wie es die zur Verf\u00fcgung gestellten Materialien nutzen kann, insbesondere das Bolster-Kissen zur \u00d6ffnung des Brustkorbs durch Restorative Yoga-Praktiken. Anschlie\u00dfend wurde das Projekt in zwei Gruppen unterschiedlicher Altersgruppen (5-10 Jahre &#8211; 11-15 Jahre) einmal pro Woche f\u00fcr eine Stunde online fortgesetzt. Nach mehreren Stunden des Kennenlernens, der Orientierung, der Beziehungsarbeit und des Eingehens auf die verschiedenen Bed\u00fcrfnisse der einzelnen Altersgruppen k\u00f6nnen wir sagen, dass wir zwei Gruppen geschaffen haben, die trotz des Online-Modus gemeinsam praktizieren.<br \/>\n<\/span>[\/vc_column_text][vc_empty_space][vc_empty_space][vc_column_text]<\/p>\n<h3><span style=\"font-weight: 400;\">Das Projekt ist nun seit einigen Monaten gestartet. Wie l\u00e4uft es? Was halten die jungen Patienten und ihre Familien davon, k\u00f6nnen Sie bereits positive Ergebnisse feststellen?<\/span><\/h3>\n<p>[\/vc_column_text][vc_row_inner equal_height=&#8220;yes&#8220; content_placement=&#8220;middle&#8220;][vc_column_inner width=&#8220;2\/3&#8243;][vc_column_text css=&#8220;.vc_custom_1712822237610{padding-top: 20px !important;padding-bottom: 20px !important;}&#8220;]<span style=\"text-decoration: underline;\"><strong>FOS<\/strong><\/span> Wir sind sehr zufrieden mit dieser Erfahrung, die uns einen engeren Kontakt mit den Patienten erm\u00f6glicht und den Familien die M\u00f6glichkeit gibt, auch mit nicht-physiotherapeutischen Techniken effektiv an der Atmung zu arbeiten. Kinder und Jugendliche verstehen durch Yoga die Bedeutung der Atmung und wie dieser ganz nat\u00fcrliche Vorgang verbessert und gef\u00f6rdert werden kann.[\/vc_column_text][vc_separator][vc_column_text css=&#8220;.vc_custom_1712822316365{padding-top: 20px !important;padding-bottom: 20px !important;}&#8220;]<span style=\"text-decoration: underline;\"><strong>Laura<\/strong><\/span> Das Projekt wird mit viel Enthusiasmus fortgesetzt, wir finden eine aktive Beteiligung durch Anfragen nach W\u00fcnschen, pers\u00f6nlichen Zielen, Zeichnungen, Integration und Wachstum in der yogischen Praxis, also gemeinsame Freude. Das Ziel dieses Projekts war es gerade f\u00fcr die J\u00fcngeren, auf eine angenehme, offene und spielerische Art und Weise an K\u00f6rper und Geist der Teilnehmer zu arbeiten. Yoga bietet die M\u00f6glichkeit, wahrzunehmen und zu erleben, wie sich Asanas oder K\u00f6rperhaltungen oder das Gleichgewicht verbessern, wenn sich die F\u00e4higkeit und Qualit\u00e4t der Atmung verbessert. Ein gro\u00dfer Anreiz also, die Atmung zu verbessern und durch \u00dcben zu verifizieren, so dass Vertrauen in die eigene Yogapraxis entsteht und sich entwickelt.[\/vc_column_text][\/vc_column_inner][vc_column_inner width=&#8220;1\/3&#8243;][vc_empty_space height=&#8220;15&#8243;][vc_single_image image=&#8220;28401&#8243; img_size=&#8220;full&#8220; alignment=&#8220;center&#8220;][vc_empty_space height=&#8220;15&#8243;][\/vc_column_inner][\/vc_row_inner][vc_empty_space][vc_empty_space][vc_column_text]<\/p>\n<h3><span style=\"font-weight: 400;\">Glauben Sie, dass Sie diesen Weg in Zukunft fortsetzen und ihn auch anderen Krankenh\u00e4usern als bew\u00e4hrtes Verfahren anbieten k\u00f6nnen?<\/span><\/h3>\n<p>[\/vc_column_text][vc_column_text css=&#8220;.vc_custom_1712822513323{padding-top: 20px !important;padding-bottom: 20px !important;}&#8220;]<span style=\"text-decoration: underline;\"><strong>FOS<\/strong><\/span> Wir wissen nicht, ob wir in der Lage sein werden, die Mittel f\u00fcr die Fortsetzung des Projektes wieder aufzutreiben, aber wir werden auf jeden Fall eine konstruktive Diskussion mit Patientenverb\u00e4nden sowie \u00f6ffentlichen und privaten Einrichtungen aufnehmen, um die Fortsetzung des Projekts bei p\u00e4diatrischen Patienten und die Initiierung eines \u00e4hnlichen Projekts zu unterst\u00fctzen, das auch auf erwachsene Patienten ausgedehnt werden kann.[\/vc_column_text][vc_separator][vc_column_text css=&#8220;.vc_custom_1712822542619{padding-top: 20px !important;padding-bottom: 20px !important;}&#8220;]<span style=\"text-decoration: underline;\"><strong>Laura<\/strong><\/span> Es w\u00e4re sehr sch\u00f6n, dieses Projekt fortzusetzen, es auch an andere Patienten zu richten und es f\u00fcr verschiedene Altersgruppen (einschlie\u00dflich Erwachsene) zu entwickeln, damit es funktioneller und benutzbarer wird, um allen diese gro\u00dfartige M\u00f6glichkeit zu geben, die diese wunderbare Disziplin bietet.[\/vc_column_text][\/vc_column][\/vc_row]<\/p>\n<\/div>","protected":false},"excerpt":{"rendered":"<p>F\u00fchrende \u00c4rzte und Physiotherapeuten, die f\u00fcr die Stiftung des Salesi-Krankenhauses in Ancona verantwortlich sind, haben beschlossen, einen Yoga-Kurs f\u00fcr Kinder mit Mukoviszidose anzubieten.<\/p>\n","protected":false},"author":2,"featured_media":33102,"comment_status":"open","ping_status":"open","sticky":false,"template":"","format":"standard","meta":{"footnotes":""},"categories":[17],"tags":[38,37],"class_list":["post-33126","post","type-post","status-publish","format-standard","has-post-thumbnail","category-soziales-engagement","tag-yoga-fuer-kinder","tag-yoga-und-mukoviszidose"],"menu_order":0,"_links":{"self":[{"href":"https:\/\/yogastories.reyoga.eu\/de\/wp-json\/wp\/v2\/posts\/33126","targetHints":{"allow":["GET"]}}],"collection":[{"href":"https:\/\/yogastories.reyoga.eu\/de\/wp-json\/wp\/v2\/posts"}],"about":[{"href":"https:\/\/yogastories.reyoga.eu\/de\/wp-json\/wp\/v2\/types\/post"}],"author":[{"embeddable":true,"href":"https:\/\/yogastories.reyoga.eu\/de\/wp-json\/wp\/v2\/users\/2"}],"replies":[{"embeddable":true,"href":"https:\/\/yogastories.reyoga.eu\/de\/wp-json\/wp\/v2\/comments?post=33126"}],"version-history":[{"count":4,"href":"https:\/\/yogastories.reyoga.eu\/de\/wp-json\/wp\/v2\/posts\/33126\/revisions"}],"predecessor-version":[{"id":33130,"href":"https:\/\/yogastories.reyoga.eu\/de\/wp-json\/wp\/v2\/posts\/33126\/revisions\/33130"}],"wp:featuredmedia":[{"embeddable":true,"href":"https:\/\/yogastories.reyoga.eu\/de\/wp-json\/wp\/v2\/media\/33102"}],"wp:attachment":[{"href":"https:\/\/yogastories.reyoga.eu\/de\/wp-json\/wp\/v2\/media?parent=33126"}],"wp:term":[{"taxonomy":"category","embeddable":true,"href":"https:\/\/yogastories.reyoga.eu\/de\/wp-json\/wp\/v2\/categories?post=33126"},{"taxonomy":"post_tag","embeddable":true,"href":"https:\/\/yogastories.reyoga.eu\/de\/wp-json\/wp\/v2\/tags?post=33126"}],"curies":[{"name":"wp","href":"https:\/\/api.w.org\/{rel}","templated":true}]}}